{"id":2279,"date":"2017-01-26T14:36:00","date_gmt":"2017-01-26T13:36:00","guid":{"rendered":"https:\/\/www.isrec.ch\/4-februar-2017-weltkrebstag\/"},"modified":"2017-01-26T14:36:00","modified_gmt":"2017-01-26T13:36:00","slug":"4-februar-2017-weltkrebstag","status":"publish","type":"post","link":"https:\/\/www.isrec.ch\/de\/4-februar-2017-weltkrebstag\/","title":{"rendered":"4. Februar, 2017 &#8211; Weltkrebstag"},"content":{"rendered":"<div class=\"intro-text\">\n<p>Der Weltkrebstag findet j\u00e4hrlich am 4. Februar statt. Er verbindet die Welt im Kampf gegen Krebs. Dieser Tag hat zum Ziel, Millionen von Todesf\u00e4llen zu verhindern, indem diese Krankheit ins \u00f6ffentliche Bewusstsein ger\u00fcckt wird, \u00fcber sie informiert wird und so Druck ausge\u00fcbt wird, damit Regierungen und Einzelpersonen weltweit t\u00e4tig werden. <\/p>\n<\/div>\n<p><a class=\"external-link\" href=\"http:\/\/www.uicc.org\/world-cancer-day-coming\" target=\"_blank\" title=\"Opens internal link in current window\" rel=\"noopener\">Mehr Informationen&nbsp;<\/a><\/p>\n","protected":false},"excerpt":{"rendered":"<p>Der Weltkrebstag findet j\u00e4hrlich am 4. Februar statt. Er verbindet die Welt im Kampf gegen Krebs. Dieser Tag hat zum Ziel, Millionen von Todesf\u00e4llen zu verhindern, indem diese Krankheit ins \u00f6ffentliche Bewusstsein ger\u00fcckt wird, \u00fcber sie informiert wird und so Druck ausge\u00fcbt wird, damit Regierungen und Einzelpersonen weltweit t\u00e4tig werden. Mehr Informationen&nbsp;<\/p>\n","protected":false},"author":3,"featured_media":2276,"comment_status":"open","ping_status":"open","sticky":false,"template":"","format":"standard","meta":{"_acf_changed":false,"footnotes":""},"categories":[51],"tags":[],"class_list":["post-2279","post","type-post","status-publish","format-standard","has-post-thumbnail","hentry","category-nachrichten"],"acf":[],"aioseo_notices":[],"_links":{"self":[{"href":"https:\/\/www.isrec.ch\/de\/wp-json\/wp\/v2\/posts\/2279","targetHints":{"allow":["GET"]}}],"collection":[{"href":"https:\/\/www.isrec.ch\/de\/wp-json\/wp\/v2\/posts"}],"about":[{"href":"https:\/\/www.isrec.ch\/de\/wp-json\/wp\/v2\/types\/post"}],"author":[{"embeddable":true,"href":"https:\/\/www.isrec.ch\/de\/wp-json\/wp\/v2\/users\/3"}],"replies":[{"embeddable":true,"href":"https:\/\/www.isrec.ch\/de\/wp-json\/wp\/v2\/comments?post=2279"}],"version-history":[{"count":0,"href":"https:\/\/www.isrec.ch\/de\/wp-json\/wp\/v2\/posts\/2279\/revisions"}],"wp:featuredmedia":[{"embeddable":true,"href":"https:\/\/www.isrec.ch\/de\/wp-json\/wp\/v2\/media\/2276"}],"wp:attachment":[{"href":"https:\/\/www.isrec.ch\/de\/wp-json\/wp\/v2\/media?parent=2279"}],"wp:term":[{"taxonomy":"category","embeddable":true,"href":"https:\/\/www.isrec.ch\/de\/wp-json\/wp\/v2\/categories?post=2279"},{"taxonomy":"post_tag","embeddable":true,"href":"https:\/\/www.isrec.ch\/de\/wp-json\/wp\/v2\/tags?post=2279"}],"curies":[{"name":"wp","href":"https:\/\/api.w.org\/{rel}","templated":true}]}}