{"id":2394,"date":"2018-02-01T11:45:36","date_gmt":"2018-02-01T10:45:36","guid":{"rendered":"https:\/\/www.isrec.ch\/4-februar-2018-weltkrebstag\/"},"modified":"2018-02-01T11:45:36","modified_gmt":"2018-02-01T10:45:36","slug":"4-februar-2018-weltkrebstag","status":"publish","type":"post","link":"https:\/\/www.isrec.ch\/de\/4-februar-2018-weltkrebstag\/","title":{"rendered":"4. Februar 2018 &#8211; Weltkrebstag"},"content":{"rendered":"<div class=\"intro-text\">\n<p>Der Weltkrebstag findet j\u00e4hrlich am 4. Februar statt. Er verbindet die Welt im Kampf gegen Krebs. Dieser Tag hat zum Ziel, diese Krankheit ins \u00f6ffentliche Bewusstsein zu r\u00fccken und \u00fcber sie zu informieren. <\/p>\n<\/div>\n<p><a class=\"external-link\" href=\"http:\/\/www.uicc.org\/world-cancer-day-coming\" target=\"_blank\" title=\"Opens internal link in current window\" rel=\"noopener\">Mehr Informationen (auf Englisch)<\/a>&nbsp;<\/p>\n","protected":false},"excerpt":{"rendered":"<p>Der Weltkrebstag findet j\u00e4hrlich am 4. Februar statt. Er verbindet die Welt im Kampf gegen Krebs. Dieser Tag hat zum Ziel, diese Krankheit ins \u00f6ffentliche Bewusstsein zu r\u00fccken und \u00fcber sie zu informieren. Mehr Informationen (auf Englisch)&nbsp;<\/p>\n","protected":false},"author":3,"featured_media":2391,"comment_status":"open","ping_status":"open","sticky":false,"template":"","format":"standard","meta":{"_acf_changed":false,"footnotes":""},"categories":[51],"tags":[],"class_list":["post-2394","post","type-post","status-publish","format-standard","has-post-thumbnail","hentry","category-nachrichten"],"acf":[],"aioseo_notices":[],"_links":{"self":[{"href":"https:\/\/www.isrec.ch\/de\/wp-json\/wp\/v2\/posts\/2394","targetHints":{"allow":["GET"]}}],"collection":[{"href":"https:\/\/www.isrec.ch\/de\/wp-json\/wp\/v2\/posts"}],"about":[{"href":"https:\/\/www.isrec.ch\/de\/wp-json\/wp\/v2\/types\/post"}],"author":[{"embeddable":true,"href":"https:\/\/www.isrec.ch\/de\/wp-json\/wp\/v2\/users\/3"}],"replies":[{"embeddable":true,"href":"https:\/\/www.isrec.ch\/de\/wp-json\/wp\/v2\/comments?post=2394"}],"version-history":[{"count":0,"href":"https:\/\/www.isrec.ch\/de\/wp-json\/wp\/v2\/posts\/2394\/revisions"}],"wp:featuredmedia":[{"embeddable":true,"href":"https:\/\/www.isrec.ch\/de\/wp-json\/wp\/v2\/media\/2391"}],"wp:attachment":[{"href":"https:\/\/www.isrec.ch\/de\/wp-json\/wp\/v2\/media?parent=2394"}],"wp:term":[{"taxonomy":"category","embeddable":true,"href":"https:\/\/www.isrec.ch\/de\/wp-json\/wp\/v2\/categories?post=2394"},{"taxonomy":"post_tag","embeddable":true,"href":"https:\/\/www.isrec.ch\/de\/wp-json\/wp\/v2\/tags?post=2394"}],"curies":[{"name":"wp","href":"https:\/\/api.w.org\/{rel}","templated":true}]}}