{"id":2541,"date":"2019-05-17T09:18:34","date_gmt":"2019-05-17T07:18:34","guid":{"rendered":"https:\/\/www.isrec.ch\/sur-srp-8-juli-bis-29-august-2019\/"},"modified":"2019-05-17T09:18:34","modified_gmt":"2019-05-17T07:18:34","slug":"sur-srp-8-juli-bis-29-august-2019","status":"publish","type":"post","link":"https:\/\/www.isrec.ch\/de\/sur-srp-8-juli-bis-29-august-2019\/","title":{"rendered":"SUR \u2013 SRP &#8211; 8. Juli bis 29. August 2019"},"content":{"rendered":"<div class=\"intro-text\">\n<p>Unterst\u00fctzung von 6 Studenten im Rahmen des \u201eSummer Research Program for Undergraduate Students\u201c der EPFL Fakult\u00e4t der Lebenswissenschaften und von 1 Student im Rahmen des \u201eSummer Undergraduate Research Program\u201c der Fakult\u00e4t f\u00fcr Biologie und Medizin der Universit\u00e4t Lausanne.<br \/>\nW\u00e4hrend diesen acht Praktikumswochen k\u00f6nnen auserw\u00e4hlte junge Biologie- oder Medizinstudentinnen und -studenten zum ersten Mal die Welt der Forschung entdecken und so bereichernde Erfahrungen sammeln und neue Kontakte auf internationaler Ebene kn\u00fcpfen. Zum Abschluss des Programmes werden die Studierenden im Rahmen eines Minisymposiums auf dem EPFL Campus ihre Arbeiten pr\u00e4sentieren. <\/p>\n<\/div>\n<p>Mehr Informationen (auf Englisch)&nbsp;<a class=\"external-link\" href=\"https:\/\/sv.epfl.ch\/summer-research-program\" target=\"_blank\" title=\"Opens internal link in current window\" rel=\"noopener\">SRP (EPFL)<\/a>&nbsp;et&nbsp;<a class=\"external-link\" href=\"https:\/\/www.unil.ch\/eb-sur\/en\/home.html\" target=\"_blank\" title=\"Opens internal link in current window\" rel=\"noopener\">SUR (UNIL)<\/a><\/p>\n","protected":false},"excerpt":{"rendered":"<p>Unterst\u00fctzung von 6 Studenten im Rahmen des \u201eSummer Research Program for Undergraduate Students\u201c der EPFL Fakult\u00e4t der Lebenswissenschaften und von 1 Student im Rahmen des \u201eSummer Undergraduate Research Program\u201c der Fakult\u00e4t f\u00fcr Biologie und Medizin der Universit\u00e4t Lausanne. W\u00e4hrend diesen acht Praktikumswochen k\u00f6nnen auserw\u00e4hlte junge Biologie- oder Medizinstudentinnen und -studenten zum ersten Mal die Welt [&hellip;]<\/p>\n","protected":false},"author":3,"featured_media":2538,"comment_status":"open","ping_status":"open","sticky":false,"template":"","format":"standard","meta":{"_acf_changed":false,"footnotes":""},"categories":[51],"tags":[],"class_list":["post-2541","post","type-post","status-publish","format-standard","has-post-thumbnail","hentry","category-nachrichten"],"acf":[],"aioseo_notices":[],"_links":{"self":[{"href":"https:\/\/www.isrec.ch\/de\/wp-json\/wp\/v2\/posts\/2541","targetHints":{"allow":["GET"]}}],"collection":[{"href":"https:\/\/www.isrec.ch\/de\/wp-json\/wp\/v2\/posts"}],"about":[{"href":"https:\/\/www.isrec.ch\/de\/wp-json\/wp\/v2\/types\/post"}],"author":[{"embeddable":true,"href":"https:\/\/www.isrec.ch\/de\/wp-json\/wp\/v2\/users\/3"}],"replies":[{"embeddable":true,"href":"https:\/\/www.isrec.ch\/de\/wp-json\/wp\/v2\/comments?post=2541"}],"version-history":[{"count":0,"href":"https:\/\/www.isrec.ch\/de\/wp-json\/wp\/v2\/posts\/2541\/revisions"}],"wp:featuredmedia":[{"embeddable":true,"href":"https:\/\/www.isrec.ch\/de\/wp-json\/wp\/v2\/media\/2538"}],"wp:attachment":[{"href":"https:\/\/www.isrec.ch\/de\/wp-json\/wp\/v2\/media?parent=2541"}],"wp:term":[{"taxonomy":"category","embeddable":true,"href":"https:\/\/www.isrec.ch\/de\/wp-json\/wp\/v2\/categories?post=2541"},{"taxonomy":"post_tag","embeddable":true,"href":"https:\/\/www.isrec.ch\/de\/wp-json\/wp\/v2\/tags?post=2541"}],"curies":[{"name":"wp","href":"https:\/\/api.w.org\/{rel}","templated":true}]}}