{"id":2946,"date":"2021-12-02T11:53:06","date_gmt":"2021-12-02T10:53:06","guid":{"rendered":"https:\/\/www.isrec.ch\/ehrung-zweier-mitglieder-des-wissenschaftlichen-rates-der-isrec-stiftung\/"},"modified":"2021-12-02T11:53:06","modified_gmt":"2021-12-02T10:53:06","slug":"ehrung-zweier-mitglieder-des-wissenschaftlichen-rates-der-isrec-stiftung","status":"publish","type":"post","link":"https:\/\/www.isrec.ch\/de\/ehrung-zweier-mitglieder-des-wissenschaftlichen-rates-der-isrec-stiftung\/","title":{"rendered":"Ehrung zweier Mitglieder des Wissenschaftlichen Rates der ISREC Stiftung"},"content":{"rendered":"<div class=\"intro-text\">\n<p>Herzliche Gratulation an Prof. Anne M\u00fcller und Prof. Fabrice Andr\u00e9, die beide in Anerkennung ihres wissenschaftlichen Engagements einen renommierten Preis erhalten.<br \/>\nAnne M\u00fcller (Universit\u00e4t Z\u00fcrich) wurde, zusammen mit Prof. Bart Deplancke (EPFL), der Clo\u00ebtta-Preis 2021 verliehen. Die \u00abProf. Dr. Max Clo\u00ebtta\u00bb Stiftung ehrt dieses Jahr diese zwei hochkar\u00e4tigen Forscher f\u00fcr ihre ausserordentlichen wissenschaftlichen Leistungen.<br \/>\nAm von der AACR (American Association for Cancer Research) organisierten Brustkrebssymposium 2021, wird Fabrice Andr\u00e9, zusammen mit Prof. Helen M. Piwnica-Worms, der \u00abOutstanding Investigator Award for Breast Cancer Research 2021\u00bb verliehen. Dieser Preis w\u00fcrdigt ihre Forschungsarbeiten, die wesentlich zum Verst\u00e4ndnis der Mechanismen, die Brustkrebs vorantreiben, sowie zu translationaler Forschung, zu klinischen Studien und zur Zulassung neuer Medikamente beigetragen haben.\n<\/p>\n<\/div>\n<p><a href=\"https:\/\/www.cloetta-foundation.ch\/\" target=\"_blank\" rel=\"noopener\">Zum Preis von Prof. M\u00fcller<\/a><a href=\"https:\/\/www.cloetta-foundation.ch\/fr\/\" target=\"_blank\" rel=\"noopener\"> <\/a><\/p>\n<p><a href=\"https:\/\/www.sabcs.org\/2021-SABCS-sup-sup\/Blogs\/ArticleID\/220\/Award-winners-named-for-the-2021-San-Antonio-Breast-Cancer-Symposium\" target=\"_blank\" rel=\"noopener\">Zum Preis von Prof. Andr\u00e9<\/a>&nbsp;(in Englisch)<\/p>\n","protected":false},"excerpt":{"rendered":"<p>Herzliche Gratulation an Prof. Anne M\u00fcller und Prof. Fabrice Andr\u00e9, die beide in Anerkennung ihres wissenschaftlichen Engagements einen renommierten Preis erhalten. Anne M\u00fcller (Universit\u00e4t Z\u00fcrich) wurde, zusammen mit Prof. Bart Deplancke (EPFL), der Clo\u00ebtta-Preis 2021 verliehen. Die \u00abProf. Dr. Max Clo\u00ebtta\u00bb Stiftung ehrt dieses Jahr diese zwei hochkar\u00e4tigen Forscher f\u00fcr ihre ausserordentlichen wissenschaftlichen Leistungen. Am [&hellip;]<\/p>\n","protected":false},"author":3,"featured_media":2943,"comment_status":"open","ping_status":"open","sticky":false,"template":"","format":"standard","meta":{"_acf_changed":false,"footnotes":""},"categories":[51],"tags":[],"class_list":["post-2946","post","type-post","status-publish","format-standard","has-post-thumbnail","hentry","category-nachrichten"],"acf":[],"aioseo_notices":[],"_links":{"self":[{"href":"https:\/\/www.isrec.ch\/de\/wp-json\/wp\/v2\/posts\/2946","targetHints":{"allow":["GET"]}}],"collection":[{"href":"https:\/\/www.isrec.ch\/de\/wp-json\/wp\/v2\/posts"}],"about":[{"href":"https:\/\/www.isrec.ch\/de\/wp-json\/wp\/v2\/types\/post"}],"author":[{"embeddable":true,"href":"https:\/\/www.isrec.ch\/de\/wp-json\/wp\/v2\/users\/3"}],"replies":[{"embeddable":true,"href":"https:\/\/www.isrec.ch\/de\/wp-json\/wp\/v2\/comments?post=2946"}],"version-history":[{"count":0,"href":"https:\/\/www.isrec.ch\/de\/wp-json\/wp\/v2\/posts\/2946\/revisions"}],"wp:featuredmedia":[{"embeddable":true,"href":"https:\/\/www.isrec.ch\/de\/wp-json\/wp\/v2\/media\/2943"}],"wp:attachment":[{"href":"https:\/\/www.isrec.ch\/de\/wp-json\/wp\/v2\/media?parent=2946"}],"wp:term":[{"taxonomy":"category","embeddable":true,"href":"https:\/\/www.isrec.ch\/de\/wp-json\/wp\/v2\/categories?post=2946"},{"taxonomy":"post_tag","embeddable":true,"href":"https:\/\/www.isrec.ch\/de\/wp-json\/wp\/v2\/tags?post=2946"}],"curies":[{"name":"wp","href":"https:\/\/api.w.org\/{rel}","templated":true}]}}