{"id":3180,"date":"2023-05-16T13:30:43","date_gmt":"2023-05-16T11:30:43","guid":{"rendered":"https:\/\/www.isrec.ch\/curzio-ruegg-erhalt-anlasslich-des-bioinnovation-day-2023-den-preis-fur-das-innovativste-projekt\/"},"modified":"2023-05-16T13:30:43","modified_gmt":"2023-05-16T11:30:43","slug":"curzio-ruegg-erhalt-anlasslich-des-bioinnovation-day-2023-den-preis-fur-das-innovativste-projekt","status":"publish","type":"post","link":"https:\/\/www.isrec.ch\/de\/curzio-ruegg-erhalt-anlasslich-des-bioinnovation-day-2023-den-preis-fur-das-innovativste-projekt\/","title":{"rendered":"Curzio R\u00fcegg erh\u00e4lt anl\u00e4sslich des BioInnovation Day 2023 den Preis f\u00fcr das innovativste Projekt"},"content":{"rendered":"<div class=\"intro-text\">\n<p>Ganz herzliche Gratulation an Prof. Curzio R\u00fcegg, der im Rahmen des am 11. Mai im AGORA-Zentrum stattgefundenen BioInnovation Day 2023 den Preis f\u00fcr das innovativste Projekt erhalten hat. Es freut die ISREC Stiftung, dass sie das Forschungsprojekt von Prof. R\u00fcegg unterst\u00fctzen kann. Dieses hat zum Ziel, einen Test f\u00fcr die Fr\u00fcherkennung von Brustkrebs und R\u00fcckf\u00e4llen zu entwickeln. <\/p>\n<\/div>\n<p><a href=\"https:\/\/bioalps.org\/bind-bioinnovation-day-awards\/\" target=\"_blank\" rel=\"noopener\">Link zum Beitrag<\/a> (auf Englisch)<\/p>\n","protected":false},"excerpt":{"rendered":"<p>Ganz herzliche Gratulation an Prof. Curzio R\u00fcegg, der im Rahmen des am 11. Mai im AGORA-Zentrum stattgefundenen BioInnovation Day 2023 den Preis f\u00fcr das innovativste Projekt erhalten hat. Es freut die ISREC Stiftung, dass sie das Forschungsprojekt von Prof. R\u00fcegg unterst\u00fctzen kann. Dieses hat zum Ziel, einen Test f\u00fcr die Fr\u00fcherkennung von Brustkrebs und R\u00fcckf\u00e4llen [&hellip;]<\/p>\n","protected":false},"author":3,"featured_media":3177,"comment_status":"open","ping_status":"open","sticky":false,"template":"","format":"standard","meta":{"_acf_changed":false,"footnotes":""},"categories":[51],"tags":[],"class_list":["post-3180","post","type-post","status-publish","format-standard","has-post-thumbnail","hentry","category-nachrichten"],"acf":[],"aioseo_notices":[],"aioseo_head":"\n\t\t<!-- All in One SEO 4.9.9 - aioseo.com -->\n\t<meta name=\"description\" content=\"Ganz herzliche Gratulation an Prof. Curzio R\u00fcegg, der im Rahmen des am 11. Mai im AGORA-Zentrum stattgefundenen BioInnovation Day 2023 den Preis f\u00fcr das innovativste Projekt erhalten hat. Es freut die ISREC Stiftung, dass sie das Forschungsprojekt von Prof. R\u00fcegg unterst\u00fctzen kann. Dieses hat zum Ziel, einen Test f\u00fcr die Fr\u00fcherkennung von Brustkrebs und R\u00fcckf\u00e4llen\" \/>\n\t<meta name=\"robots\" content=\"max-image-preview:large\" \/>\n\t<meta name=\"author\" content=\"wng\"\/>\n\t<link rel=\"canonical\" href=\"https:\/\/www.isrec.ch\/de\/curzio-ruegg-erhalt-anlasslich-des-bioinnovation-day-2023-den-preis-fur-das-innovativste-projekt\/\" \/>\n\t<meta name=\"generator\" content=\"All in One SEO (AIOSEO) 4.9.9\" \/>\n\t\t<meta property=\"og:locale\" content=\"de_DE\" \/>\n\t\t<meta property=\"og:site_name\" content=\"Fondation ISREC -\" \/>\n\t\t<meta property=\"og:type\" content=\"article\" \/>\n\t\t<meta property=\"og:title\" content=\"Fondation ISREC - Curzio R\u00fcegg erh\u00e4lt anl\u00e4sslich des BioInnovation Day 2023 den Preis f\u00fcr das innovativste Projekt\" \/>\n\t\t<meta property=\"og:description\" content=\"Ganz herzliche Gratulation an Prof. Curzio R\u00fcegg, der im Rahmen des am 11. Mai im AGORA-Zentrum stattgefundenen BioInnovation Day 2023 den Preis f\u00fcr das innovativste Projekt erhalten hat. Es freut die ISREC Stiftung, dass sie das Forschungsprojekt von Prof. R\u00fcegg unterst\u00fctzen kann. Dieses hat zum Ziel, einen Test f\u00fcr die Fr\u00fcherkennung von Brustkrebs und R\u00fcckf\u00e4llen\" \/>\n\t\t<meta property=\"og:url\" content=\"https:\/\/www.isrec.ch\/de\/curzio-ruegg-erhalt-anlasslich-des-bioinnovation-day-2023-den-preis-fur-das-innovativste-projekt\/\" \/>\n\t\t<meta property=\"og:image\" content=\"https:\/\/www.isrec.ch\/app\/uploads\/2023\/08\/Curzio_Ruegg_BioInnovationDay.jpg\" \/>\n\t\t<meta property=\"og:image:secure_url\" content=\"https:\/\/www.isrec.ch\/app\/uploads\/2023\/08\/Curzio_Ruegg_BioInnovationDay.jpg\" \/>\n\t\t<meta property=\"og:image:width\" content=\"1280\" \/>\n\t\t<meta property=\"og:image:height\" content=\"720\" \/>\n\t\t<meta property=\"article:published_time\" content=\"2023-05-16T11:30:43+00:00\" \/>\n\t\t<meta property=\"article:modified_time\" content=\"2023-05-16T11:30:43+00:00\" \/>\n\t\t<meta property=\"article:publisher\" content=\"https:\/\/www.facebook.com\/FondationISREC?locale=fr_FR\" \/>\n\t\t<meta name=\"twitter:card\" content=\"summary\" \/>\n\t\t<meta name=\"twitter:site\" content=\"@FondationIsrec\" \/>\n\t\t<meta name=\"twitter:title\" content=\"Fondation ISREC - Curzio R\u00fcegg erh\u00e4lt anl\u00e4sslich des BioInnovation Day 2023 den Preis f\u00fcr das innovativste Projekt\" \/>\n\t\t<meta name=\"twitter:description\" content=\"Ganz herzliche Gratulation an Prof. Curzio R\u00fcegg, der im Rahmen des am 11. Mai im AGORA-Zentrum stattgefundenen BioInnovation Day 2023 den Preis f\u00fcr das innovativste Projekt erhalten hat. Es freut die ISREC Stiftung, dass sie das Forschungsprojekt von Prof. R\u00fcegg unterst\u00fctzen kann. Dieses hat zum Ziel, einen Test f\u00fcr die Fr\u00fcherkennung von Brustkrebs und R\u00fcckf\u00e4llen\" \/>\n\t\t<meta name=\"twitter:creator\" content=\"@FondationIsrec\" \/>\n\t\t<meta name=\"twitter:image\" content=\"https:\/\/www.isrec.ch\/app\/uploads\/2023\/08\/Curzio_Ruegg_BioInnovationDay.jpg\" \/>\n\t\t<script type=\"application\/ld+json\" class=\"aioseo-schema\">\n\t\t\t{\"@context\":\"https:\\\/\\\/schema.org\",\"@graph\":[{\"@type\":\"BlogPosting\",\"@id\":\"https:\\\/\\\/www.isrec.ch\\\/de\\\/curzio-ruegg-erhalt-anlasslich-des-bioinnovation-day-2023-den-preis-fur-das-innovativste-projekt\\\/#blogposting\",\"name\":\"Fondation ISREC - Curzio R\\u00fcegg erh\\u00e4lt anl\\u00e4sslich des BioInnovation Day 2023 den Preis f\\u00fcr das innovativste Projekt\",\"headline\":\"Curzio R\\u00fcegg erh\\u00e4lt anl\\u00e4sslich des BioInnovation Day 2023 den Preis f\\u00fcr das innovativste Projekt\",\"author\":{\"@id\":\"https:\\\/\\\/www.isrec.ch\\\/de\\\/author\\\/wng\\\/#author\"},\"publisher\":{\"@id\":\"https:\\\/\\\/www.isrec.ch\\\/de\\\/#organization\"},\"image\":{\"@type\":\"ImageObject\",\"url\":\"https:\\\/\\\/www.isrec.ch\\\/app\\\/uploads\\\/2023\\\/08\\\/Curzio_Ruegg_BioInnovationDay.jpg\",\"width\":1280,\"height\":720},\"datePublished\":\"2023-05-16T13:30:43+02:00\",\"dateModified\":\"2023-05-16T13:30:43+02:00\",\"inLanguage\":\"de-DE\",\"mainEntityOfPage\":{\"@id\":\"https:\\\/\\\/www.isrec.ch\\\/de\\\/curzio-ruegg-erhalt-anlasslich-des-bioinnovation-day-2023-den-preis-fur-das-innovativste-projekt\\\/#webpage\"},\"isPartOf\":{\"@id\":\"https:\\\/\\\/www.isrec.ch\\\/de\\\/curzio-ruegg-erhalt-anlasslich-des-bioinnovation-day-2023-den-preis-fur-das-innovativste-projekt\\\/#webpage\"},\"articleSection\":\"Nachrichten, Optional, Optional\"},{\"@type\":\"BreadcrumbList\",\"@id\":\"https:\\\/\\\/www.isrec.ch\\\/de\\\/curzio-ruegg-erhalt-anlasslich-des-bioinnovation-day-2023-den-preis-fur-das-innovativste-projekt\\\/#breadcrumblist\",\"itemListElement\":[{\"@type\":\"ListItem\",\"@id\":\"https:\\\/\\\/www.isrec.ch\\\/de\\\/#listItem\",\"position\":1,\"name\":\"Home\",\"item\":\"https:\\\/\\\/www.isrec.ch\\\/de\\\/\",\"nextItem\":{\"@type\":\"ListItem\",\"@id\":\"https:\\\/\\\/www.isrec.ch\\\/de\\\/category\\\/nachrichten\\\/#listItem\",\"name\":\"Nachrichten\"}},{\"@type\":\"ListItem\",\"@id\":\"https:\\\/\\\/www.isrec.ch\\\/de\\\/category\\\/nachrichten\\\/#listItem\",\"position\":2,\"name\":\"Nachrichten\",\"item\":\"https:\\\/\\\/www.isrec.ch\\\/de\\\/category\\\/nachrichten\\\/\",\"nextItem\":{\"@type\":\"ListItem\",\"@id\":\"https:\\\/\\\/www.isrec.ch\\\/de\\\/curzio-ruegg-erhalt-anlasslich-des-bioinnovation-day-2023-den-preis-fur-das-innovativste-projekt\\\/#listItem\",\"name\":\"Curzio R\\u00fcegg erh\\u00e4lt anl\\u00e4sslich des BioInnovation Day 2023 den Preis f\\u00fcr das innovativste Projekt\"},\"previousItem\":{\"@type\":\"ListItem\",\"@id\":\"https:\\\/\\\/www.isrec.ch\\\/de\\\/#listItem\",\"name\":\"Home\"}},{\"@type\":\"ListItem\",\"@id\":\"https:\\\/\\\/www.isrec.ch\\\/de\\\/curzio-ruegg-erhalt-anlasslich-des-bioinnovation-day-2023-den-preis-fur-das-innovativste-projekt\\\/#listItem\",\"position\":3,\"name\":\"Curzio R\\u00fcegg erh\\u00e4lt anl\\u00e4sslich des BioInnovation Day 2023 den Preis f\\u00fcr das innovativste Projekt\",\"previousItem\":{\"@type\":\"ListItem\",\"@id\":\"https:\\\/\\\/www.isrec.ch\\\/de\\\/category\\\/nachrichten\\\/#listItem\",\"name\":\"Nachrichten\"}}]},{\"@type\":\"Organization\",\"@id\":\"https:\\\/\\\/www.isrec.ch\\\/de\\\/#organization\",\"name\":\"Fondation ISREC\",\"url\":\"https:\\\/\\\/www.isrec.ch\\\/de\\\/\",\"sameAs\":[\"https:\\\/\\\/twitter.com\\\/FondationIsrec\",\"https:\\\/\\\/www.instagram.com\\\/fondation_isrec_lausanne\\\/\",\"https:\\\/\\\/www.youtube.com\\\/@fondationisrec8946\",\"https:\\\/\\\/www.linkedin.com\\\/company\\\/fondation-isrec\\\/\"]},{\"@type\":\"Person\",\"@id\":\"https:\\\/\\\/www.isrec.ch\\\/de\\\/author\\\/wng\\\/#author\",\"url\":\"https:\\\/\\\/www.isrec.ch\\\/de\\\/author\\\/wng\\\/\",\"name\":\"wng\",\"image\":{\"@type\":\"ImageObject\",\"@id\":\"https:\\\/\\\/www.isrec.ch\\\/de\\\/curzio-ruegg-erhalt-anlasslich-des-bioinnovation-day-2023-den-preis-fur-das-innovativste-projekt\\\/#authorImage\",\"url\":\"https:\\\/\\\/secure.gravatar.com\\\/avatar\\\/ad9b3c2593c6f7d321411968eb6c0bc268322f9046214e2e4e9fb321e89c487c?s=96&d=mm&r=g\",\"width\":96,\"height\":96,\"caption\":\"wng\"}},{\"@type\":\"WebPage\",\"@id\":\"https:\\\/\\\/www.isrec.ch\\\/de\\\/curzio-ruegg-erhalt-anlasslich-des-bioinnovation-day-2023-den-preis-fur-das-innovativste-projekt\\\/#webpage\",\"url\":\"https:\\\/\\\/www.isrec.ch\\\/de\\\/curzio-ruegg-erhalt-anlasslich-des-bioinnovation-day-2023-den-preis-fur-das-innovativste-projekt\\\/\",\"name\":\"Fondation ISREC - Curzio R\\u00fcegg erh\\u00e4lt anl\\u00e4sslich des BioInnovation Day 2023 den Preis f\\u00fcr das innovativste Projekt\",\"description\":\"Ganz herzliche Gratulation an Prof. Curzio R\\u00fcegg, der im Rahmen des am 11. Mai im AGORA-Zentrum stattgefundenen BioInnovation Day 2023 den Preis f\\u00fcr das innovativste Projekt erhalten hat. Es freut die ISREC Stiftung, dass sie das Forschungsprojekt von Prof. R\\u00fcegg unterst\\u00fctzen kann. Dieses hat zum Ziel, einen Test f\\u00fcr die Fr\\u00fcherkennung von Brustkrebs und R\\u00fcckf\\u00e4llen\",\"inLanguage\":\"de-DE\",\"isPartOf\":{\"@id\":\"https:\\\/\\\/www.isrec.ch\\\/de\\\/#website\"},\"breadcrumb\":{\"@id\":\"https:\\\/\\\/www.isrec.ch\\\/de\\\/curzio-ruegg-erhalt-anlasslich-des-bioinnovation-day-2023-den-preis-fur-das-innovativste-projekt\\\/#breadcrumblist\"},\"author\":{\"@id\":\"https:\\\/\\\/www.isrec.ch\\\/de\\\/author\\\/wng\\\/#author\"},\"creator\":{\"@id\":\"https:\\\/\\\/www.isrec.ch\\\/de\\\/author\\\/wng\\\/#author\"},\"image\":{\"@type\":\"ImageObject\",\"url\":\"https:\\\/\\\/www.isrec.ch\\\/app\\\/uploads\\\/2023\\\/08\\\/Curzio_Ruegg_BioInnovationDay.jpg\",\"@id\":\"https:\\\/\\\/www.isrec.ch\\\/de\\\/curzio-ruegg-erhalt-anlasslich-des-bioinnovation-day-2023-den-preis-fur-das-innovativste-projekt\\\/#mainImage\",\"width\":1280,\"height\":720},\"primaryImageOfPage\":{\"@id\":\"https:\\\/\\\/www.isrec.ch\\\/de\\\/curzio-ruegg-erhalt-anlasslich-des-bioinnovation-day-2023-den-preis-fur-das-innovativste-projekt\\\/#mainImage\"},\"datePublished\":\"2023-05-16T13:30:43+02:00\",\"dateModified\":\"2023-05-16T13:30:43+02:00\"},{\"@type\":\"WebSite\",\"@id\":\"https:\\\/\\\/www.isrec.ch\\\/de\\\/#website\",\"url\":\"https:\\\/\\\/www.isrec.ch\\\/de\\\/\",\"name\":\"Fondation ISREC\",\"inLanguage\":\"de-DE\",\"publisher\":{\"@id\":\"https:\\\/\\\/www.isrec.ch\\\/de\\\/#organization\"}}]}\n\t\t<\/script>\n\t\t<!-- All in One SEO -->\n\n","aioseo_head_json":{"title":"Fondation ISREC - Curzio R\u00fcegg erh\u00e4lt anl\u00e4sslich des BioInnovation Day 2023 den Preis f\u00fcr das innovativste Projekt","description":"Ganz herzliche Gratulation an Prof. Curzio R\u00fcegg, der im Rahmen des am 11. Mai im AGORA-Zentrum stattgefundenen BioInnovation Day 2023 den Preis f\u00fcr das innovativste Projekt erhalten hat. Es freut die ISREC Stiftung, dass sie das Forschungsprojekt von Prof. R\u00fcegg unterst\u00fctzen kann. Dieses hat zum Ziel, einen Test f\u00fcr die Fr\u00fcherkennung von Brustkrebs und R\u00fcckf\u00e4llen","canonical_url":"https:\/\/www.isrec.ch\/de\/curzio-ruegg-erhalt-anlasslich-des-bioinnovation-day-2023-den-preis-fur-das-innovativste-projekt\/","robots":"max-image-preview:large","keywords":"","webmasterTools":{"miscellaneous":""},"schema":{"@context":"https:\/\/schema.org","@graph":[{"@type":"BlogPosting","@id":"https:\/\/www.isrec.ch\/de\/curzio-ruegg-erhalt-anlasslich-des-bioinnovation-day-2023-den-preis-fur-das-innovativste-projekt\/#blogposting","name":"Fondation ISREC - Curzio R\u00fcegg erh\u00e4lt anl\u00e4sslich des BioInnovation Day 2023 den Preis f\u00fcr das innovativste Projekt","headline":"Curzio R\u00fcegg erh\u00e4lt anl\u00e4sslich des BioInnovation Day 2023 den Preis f\u00fcr das innovativste Projekt","author":{"@id":"https:\/\/www.isrec.ch\/de\/author\/wng\/#author"},"publisher":{"@id":"https:\/\/www.isrec.ch\/de\/#organization"},"image":{"@type":"ImageObject","url":"https:\/\/www.isrec.ch\/app\/uploads\/2023\/08\/Curzio_Ruegg_BioInnovationDay.jpg","width":1280,"height":720},"datePublished":"2023-05-16T13:30:43+02:00","dateModified":"2023-05-16T13:30:43+02:00","inLanguage":"de-DE","mainEntityOfPage":{"@id":"https:\/\/www.isrec.ch\/de\/curzio-ruegg-erhalt-anlasslich-des-bioinnovation-day-2023-den-preis-fur-das-innovativste-projekt\/#webpage"},"isPartOf":{"@id":"https:\/\/www.isrec.ch\/de\/curzio-ruegg-erhalt-anlasslich-des-bioinnovation-day-2023-den-preis-fur-das-innovativste-projekt\/#webpage"},"articleSection":"Nachrichten, Optional, Optional"},{"@type":"BreadcrumbList","@id":"https:\/\/www.isrec.ch\/de\/curzio-ruegg-erhalt-anlasslich-des-bioinnovation-day-2023-den-preis-fur-das-innovativste-projekt\/#breadcrumblist","itemListElement":[{"@type":"ListItem","@id":"https:\/\/www.isrec.ch\/de\/#listItem","position":1,"name":"Home","item":"https:\/\/www.isrec.ch\/de\/","nextItem":{"@type":"ListItem","@id":"https:\/\/www.isrec.ch\/de\/category\/nachrichten\/#listItem","name":"Nachrichten"}},{"@type":"ListItem","@id":"https:\/\/www.isrec.ch\/de\/category\/nachrichten\/#listItem","position":2,"name":"Nachrichten","item":"https:\/\/www.isrec.ch\/de\/category\/nachrichten\/","nextItem":{"@type":"ListItem","@id":"https:\/\/www.isrec.ch\/de\/curzio-ruegg-erhalt-anlasslich-des-bioinnovation-day-2023-den-preis-fur-das-innovativste-projekt\/#listItem","name":"Curzio R\u00fcegg erh\u00e4lt anl\u00e4sslich des BioInnovation Day 2023 den Preis f\u00fcr das innovativste Projekt"},"previousItem":{"@type":"ListItem","@id":"https:\/\/www.isrec.ch\/de\/#listItem","name":"Home"}},{"@type":"ListItem","@id":"https:\/\/www.isrec.ch\/de\/curzio-ruegg-erhalt-anlasslich-des-bioinnovation-day-2023-den-preis-fur-das-innovativste-projekt\/#listItem","position":3,"name":"Curzio R\u00fcegg erh\u00e4lt anl\u00e4sslich des BioInnovation Day 2023 den Preis f\u00fcr das innovativste Projekt","previousItem":{"@type":"ListItem","@id":"https:\/\/www.isrec.ch\/de\/category\/nachrichten\/#listItem","name":"Nachrichten"}}]},{"@type":"Organization","@id":"https:\/\/www.isrec.ch\/de\/#organization","name":"Fondation ISREC","url":"https:\/\/www.isrec.ch\/de\/","sameAs":["https:\/\/twitter.com\/FondationIsrec","https:\/\/www.instagram.com\/fondation_isrec_lausanne\/","https:\/\/www.youtube.com\/@fondationisrec8946","https:\/\/www.linkedin.com\/company\/fondation-isrec\/"]},{"@type":"Person","@id":"https:\/\/www.isrec.ch\/de\/author\/wng\/#author","url":"https:\/\/www.isrec.ch\/de\/author\/wng\/","name":"wng","image":{"@type":"ImageObject","@id":"https:\/\/www.isrec.ch\/de\/curzio-ruegg-erhalt-anlasslich-des-bioinnovation-day-2023-den-preis-fur-das-innovativste-projekt\/#authorImage","url":"https:\/\/secure.gravatar.com\/avatar\/ad9b3c2593c6f7d321411968eb6c0bc268322f9046214e2e4e9fb321e89c487c?s=96&d=mm&r=g","width":96,"height":96,"caption":"wng"}},{"@type":"WebPage","@id":"https:\/\/www.isrec.ch\/de\/curzio-ruegg-erhalt-anlasslich-des-bioinnovation-day-2023-den-preis-fur-das-innovativste-projekt\/#webpage","url":"https:\/\/www.isrec.ch\/de\/curzio-ruegg-erhalt-anlasslich-des-bioinnovation-day-2023-den-preis-fur-das-innovativste-projekt\/","name":"Fondation ISREC - Curzio R\u00fcegg erh\u00e4lt anl\u00e4sslich des BioInnovation Day 2023 den Preis f\u00fcr das innovativste Projekt","description":"Ganz herzliche Gratulation an Prof. Curzio R\u00fcegg, der im Rahmen des am 11. Mai im AGORA-Zentrum stattgefundenen BioInnovation Day 2023 den Preis f\u00fcr das innovativste Projekt erhalten hat. Es freut die ISREC Stiftung, dass sie das Forschungsprojekt von Prof. R\u00fcegg unterst\u00fctzen kann. Dieses hat zum Ziel, einen Test f\u00fcr die Fr\u00fcherkennung von Brustkrebs und R\u00fcckf\u00e4llen","inLanguage":"de-DE","isPartOf":{"@id":"https:\/\/www.isrec.ch\/de\/#website"},"breadcrumb":{"@id":"https:\/\/www.isrec.ch\/de\/curzio-ruegg-erhalt-anlasslich-des-bioinnovation-day-2023-den-preis-fur-das-innovativste-projekt\/#breadcrumblist"},"author":{"@id":"https:\/\/www.isrec.ch\/de\/author\/wng\/#author"},"creator":{"@id":"https:\/\/www.isrec.ch\/de\/author\/wng\/#author"},"image":{"@type":"ImageObject","url":"https:\/\/www.isrec.ch\/app\/uploads\/2023\/08\/Curzio_Ruegg_BioInnovationDay.jpg","@id":"https:\/\/www.isrec.ch\/de\/curzio-ruegg-erhalt-anlasslich-des-bioinnovation-day-2023-den-preis-fur-das-innovativste-projekt\/#mainImage","width":1280,"height":720},"primaryImageOfPage":{"@id":"https:\/\/www.isrec.ch\/de\/curzio-ruegg-erhalt-anlasslich-des-bioinnovation-day-2023-den-preis-fur-das-innovativste-projekt\/#mainImage"},"datePublished":"2023-05-16T13:30:43+02:00","dateModified":"2023-05-16T13:30:43+02:00"},{"@type":"WebSite","@id":"https:\/\/www.isrec.ch\/de\/#website","url":"https:\/\/www.isrec.ch\/de\/","name":"Fondation ISREC","inLanguage":"de-DE","publisher":{"@id":"https:\/\/www.isrec.ch\/de\/#organization"}}]},"og:locale":"de_DE","og:site_name":"Fondation ISREC -","og:type":"article","og:title":"Fondation ISREC - Curzio R\u00fcegg erh\u00e4lt anl\u00e4sslich des BioInnovation Day 2023 den Preis f\u00fcr das innovativste Projekt","og:description":"Ganz herzliche Gratulation an Prof. Curzio R\u00fcegg, der im Rahmen des am 11. Mai im AGORA-Zentrum stattgefundenen BioInnovation Day 2023 den Preis f\u00fcr das innovativste Projekt erhalten hat. Es freut die ISREC Stiftung, dass sie das Forschungsprojekt von Prof. R\u00fcegg unterst\u00fctzen kann. Dieses hat zum Ziel, einen Test f\u00fcr die Fr\u00fcherkennung von Brustkrebs und R\u00fcckf\u00e4llen","og:url":"https:\/\/www.isrec.ch\/de\/curzio-ruegg-erhalt-anlasslich-des-bioinnovation-day-2023-den-preis-fur-das-innovativste-projekt\/","og:image":"https:\/\/www.isrec.ch\/app\/uploads\/2023\/08\/Curzio_Ruegg_BioInnovationDay.jpg","og:image:secure_url":"https:\/\/www.isrec.ch\/app\/uploads\/2023\/08\/Curzio_Ruegg_BioInnovationDay.jpg","og:image:width":1280,"og:image:height":720,"article:published_time":"2023-05-16T11:30:43+00:00","article:modified_time":"2023-05-16T11:30:43+00:00","article:publisher":"https:\/\/www.facebook.com\/FondationISREC?locale=fr_FR","twitter:card":"summary","twitter:site":"@FondationIsrec","twitter:title":"Fondation ISREC - Curzio R\u00fcegg erh\u00e4lt anl\u00e4sslich des BioInnovation Day 2023 den Preis f\u00fcr das innovativste Projekt","twitter:description":"Ganz herzliche Gratulation an Prof. Curzio R\u00fcegg, der im Rahmen des am 11. Mai im AGORA-Zentrum stattgefundenen BioInnovation Day 2023 den Preis f\u00fcr das innovativste Projekt erhalten hat. Es freut die ISREC Stiftung, dass sie das Forschungsprojekt von Prof. R\u00fcegg unterst\u00fctzen kann. Dieses hat zum Ziel, einen Test f\u00fcr die Fr\u00fcherkennung von Brustkrebs und R\u00fcckf\u00e4llen","twitter:creator":"@FondationIsrec","twitter:image":"https:\/\/www.isrec.ch\/app\/uploads\/2023\/08\/Curzio_Ruegg_BioInnovationDay.jpg"},"aioseo_meta_data":{"post_id":"3180","title":null,"description":null,"keywords":null,"keyphrases":null,"primary_term":null,"canonical_url":null,"og_title":null,"og_description":null,"og_object_type":"default","og_image_type":"default","og_image_url":null,"og_image_width":null,"og_image_height":null,"og_image_custom_url":null,"og_image_custom_fields":null,"og_video":null,"og_custom_url":null,"og_article_section":null,"og_article_tags":null,"twitter_use_og":false,"twitter_card":"default","twitter_image_type":"default","twitter_image_url":null,"twitter_image_custom_url":null,"twitter_image_custom_fields":null,"twitter_title":null,"twitter_description":null,"schema":{"blockGraphs":[],"customGraphs":[],"default":{"data":{"Article":[],"Course":[],"Dataset":[],"FAQPage":[],"Movie":[],"Person":[],"Product":[],"ProductReview":[],"Car":[],"Recipe":[],"Service":[],"SoftwareApplication":[],"WebPage":[]},"graphName":"","isEnabled":true},"graphs":[]},"schema_type":"default","schema_type_options":null,"pillar_content":false,"robots_default":true,"robots_noindex":false,"robots_noarchive":false,"robots_nosnippet":false,"robots_nofollow":false,"robots_noimageindex":false,"robots_noodp":false,"robots_notranslate":false,"robots_max_snippet":null,"robots_max_videopreview":null,"robots_max_imagepreview":"large","priority":null,"frequency":null,"local_seo":null,"breadcrumb_settings":null,"limit_modified_date":false,"ai":null,"created":"2024-03-25 15:40:30","updated":"2025-07-30 21:55:23","seo_analyzer_scan_date":null},"aioseo_breadcrumb":"<div class=\"aioseo-breadcrumbs\"><span class=\"aioseo-breadcrumb\">\n\t\t\t<a href=\"https:\/\/www.isrec.ch\/de\/\" title=\"Home\">Home<\/a>\n\t\t<\/span><span class=\"aioseo-breadcrumb-separator\">&raquo;<\/span><span class=\"aioseo-breadcrumb\">\n\t\t\t<a href=\"https:\/\/www.isrec.ch\/de\/category\/nachrichten\/\" title=\"Nachrichten\">Nachrichten<\/a>\n\t\t<\/span><span class=\"aioseo-breadcrumb-separator\">&raquo;<\/span><span class=\"aioseo-breadcrumb\">\n\t\t\tCurzio R\u00fcegg erh\u00e4lt anl\u00e4sslich des BioInnovation Day 2023 den Preis f\u00fcr das innovativste Projekt\n\t\t<\/span><\/div>","aioseo_breadcrumb_json":[{"label":"Home","link":"https:\/\/www.isrec.ch\/de\/"},{"label":"Nachrichten","link":"https:\/\/www.isrec.ch\/de\/category\/nachrichten\/"},{"label":"Curzio R\u00fcegg erh\u00e4lt anl\u00e4sslich des BioInnovation Day 2023 den Preis f\u00fcr das innovativste Projekt","link":"https:\/\/www.isrec.ch\/de\/curzio-ruegg-erhalt-anlasslich-des-bioinnovation-day-2023-den-preis-fur-das-innovativste-projekt\/"}],"_links":{"self":[{"href":"https:\/\/www.isrec.ch\/de\/wp-json\/wp\/v2\/posts\/3180","targetHints":{"allow":["GET"]}}],"collection":[{"href":"https:\/\/www.isrec.ch\/de\/wp-json\/wp\/v2\/posts"}],"about":[{"href":"https:\/\/www.isrec.ch\/de\/wp-json\/wp\/v2\/types\/post"}],"author":[{"embeddable":true,"href":"https:\/\/www.isrec.ch\/de\/wp-json\/wp\/v2\/users\/3"}],"replies":[{"embeddable":true,"href":"https:\/\/www.isrec.ch\/de\/wp-json\/wp\/v2\/comments?post=3180"}],"version-history":[{"count":0,"href":"https:\/\/www.isrec.ch\/de\/wp-json\/wp\/v2\/posts\/3180\/revisions"}],"wp:featuredmedia":[{"embeddable":true,"href":"https:\/\/www.isrec.ch\/de\/wp-json\/wp\/v2\/media\/3177"}],"wp:attachment":[{"href":"https:\/\/www.isrec.ch\/de\/wp-json\/wp\/v2\/media?parent=3180"}],"wp:term":[{"taxonomy":"category","embeddable":true,"href":"https:\/\/www.isrec.ch\/de\/wp-json\/wp\/v2\/categories?post=3180"},{"taxonomy":"post_tag","embeddable":true,"href":"https:\/\/www.isrec.ch\/de\/wp-json\/wp\/v2\/tags?post=3180"}],"curies":[{"name":"wp","href":"https:\/\/api.w.org\/{rel}","templated":true}]}}