{"id":3186,"date":"2023-05-23T14:36:47","date_gmt":"2023-05-23T12:36:47","guid":{"rendered":"https:\/\/www.isrec.ch\/sur-srp-3-juli-bis-25-august-2023\/"},"modified":"2023-05-23T14:36:47","modified_gmt":"2023-05-23T12:36:47","slug":"sur-srp-3-juli-bis-25-august-2023","status":"publish","type":"post","link":"https:\/\/www.isrec.ch\/de\/sur-srp-3-juli-bis-25-august-2023\/","title":{"rendered":"SUR \u2013 SRP &#8211; 3. Juli bis 25. August 2023"},"content":{"rendered":"<div class=\"intro-text\">\n<p>Unterst\u00fctzung von 4 Studenten im Rahmen des \u201eSummer Research Program for Undergraduate Students\u201c der EPFL Fakult\u00e4t der Lebenswissenschaften und von 2 Studenten im Rahmen des \u201eSummer Undergraduate Research Program\u201c der Fakult\u00e4t f\u00fcr Biologie und Medizin der Universit\u00e4t Lausanne.<br \/>\nW\u00e4hrend diesen acht Praktikumswochen k\u00f6nnen auserw\u00e4hlte junge Biologie- oder Medizinstudentinnen und -studenten zum ersten Mal die Welt der Forschung entdecken und so bereichernde Erfahrungen sammeln und neue Kontakte auf internationaler Ebene kn\u00fcpfen.<\/p>\n<\/div>\n<p>Mehr Informationen (auf Englisch)<\/p>\n<p><a href=\"https:\/\/www.epfl.ch\/schools\/sv\/education\/summer-research-program\/\" target=\"_blank\" rel=\"noopener\">Summer Research Program SV EPFL<\/a>&nbsp;und&nbsp;<a href=\"https:\/\/www.unil.ch\/eb-sur\/en\/home\/menuinst\/about-the-sur-programme.html\" target=\"_blank\" rel=\"noopener\">About the SUR Programme UNIL<\/a><\/p>\n","protected":false},"excerpt":{"rendered":"<p>Unterst\u00fctzung von 4 Studenten im Rahmen des \u201eSummer Research Program for Undergraduate Students\u201c der EPFL Fakult\u00e4t der Lebenswissenschaften und von 2 Studenten im Rahmen des \u201eSummer Undergraduate Research Program\u201c der Fakult\u00e4t f\u00fcr Biologie und Medizin der Universit\u00e4t Lausanne. W\u00e4hrend diesen acht Praktikumswochen k\u00f6nnen auserw\u00e4hlte junge Biologie- oder Medizinstudentinnen und -studenten zum ersten Mal die Welt [&hellip;]<\/p>\n","protected":false},"author":3,"featured_media":3183,"comment_status":"open","ping_status":"open","sticky":false,"template":"","format":"standard","meta":{"_acf_changed":false,"footnotes":""},"categories":[51],"tags":[],"class_list":["post-3186","post","type-post","status-publish","format-standard","has-post-thumbnail","hentry","category-nachrichten"],"acf":[],"aioseo_notices":[],"_links":{"self":[{"href":"https:\/\/www.isrec.ch\/de\/wp-json\/wp\/v2\/posts\/3186","targetHints":{"allow":["GET"]}}],"collection":[{"href":"https:\/\/www.isrec.ch\/de\/wp-json\/wp\/v2\/posts"}],"about":[{"href":"https:\/\/www.isrec.ch\/de\/wp-json\/wp\/v2\/types\/post"}],"author":[{"embeddable":true,"href":"https:\/\/www.isrec.ch\/de\/wp-json\/wp\/v2\/users\/3"}],"replies":[{"embeddable":true,"href":"https:\/\/www.isrec.ch\/de\/wp-json\/wp\/v2\/comments?post=3186"}],"version-history":[{"count":0,"href":"https:\/\/www.isrec.ch\/de\/wp-json\/wp\/v2\/posts\/3186\/revisions"}],"wp:featuredmedia":[{"embeddable":true,"href":"https:\/\/www.isrec.ch\/de\/wp-json\/wp\/v2\/media\/3183"}],"wp:attachment":[{"href":"https:\/\/www.isrec.ch\/de\/wp-json\/wp\/v2\/media?parent=3186"}],"wp:term":[{"taxonomy":"category","embeddable":true,"href":"https:\/\/www.isrec.ch\/de\/wp-json\/wp\/v2\/categories?post=3186"},{"taxonomy":"post_tag","embeddable":true,"href":"https:\/\/www.isrec.ch\/de\/wp-json\/wp\/v2\/tags?post=3186"}],"curies":[{"name":"wp","href":"https:\/\/api.w.org\/{rel}","templated":true}]}}