{"id":5782,"date":"2023-10-02T10:47:27","date_gmt":"2023-10-02T08:47:27","guid":{"rendered":"https:\/\/www.isrec.ch\/?p=5782"},"modified":"2024-03-19T10:56:09","modified_gmt":"2024-03-19T09:56:09","slug":"rayonnement-academique-preis-2023","status":"publish","type":"post","link":"https:\/\/www.isrec.ch\/de\/rayonnement-academique-preis-2023\/","title":{"rendered":"Rayonnement Acad\u00e9mique Preis 2023"},"content":{"rendered":"\n<p>Der Prix du Rayonnement Acad\u00e9mique 2023 der Soci\u00e9t\u00e9 Acad\u00e9mique Vaudoise geht an Prof. Mika\u00ebl Pittet, Inhaber des ISREC-Lehrstuhls f\u00fcr Immunonkologie.<\/p>\n\n\n\n<p>Diese prestigetr\u00e4chtige Auszeichnung anerkennt Prof. Pittets herausragende wissenschaftliche Leistung. Es erf\u00fcllt die ISREC Stiftung mit Stolz, dass sie die Forschung dieses hervorragenden Spezialisten auf dem Gebiet der Immuntherapie unterst\u00fctzen kann.<\/p>\n","protected":false},"excerpt":{"rendered":"<p>Der Prix du Rayonnement Acad\u00e9mique 2023 der Soci\u00e9t\u00e9 Acad\u00e9mique Vaudoise geht an Prof. Mika\u00ebl Pittet, Inhaber des ISREC-Lehrstuhls f\u00fcr Immunonkologie. Diese prestigetr\u00e4chtige Auszeichnung anerkennt Prof. Pittets herausragende wissenschaftliche Leistung. Es erf\u00fcllt die ISREC Stiftung mit Stolz, dass sie die Forschung dieses hervorragenden Spezialisten auf dem Gebiet der Immuntherapie unterst\u00fctzen kann.<\/p>\n","protected":false},"author":11,"featured_media":5743,"comment_status":"open","ping_status":"open","sticky":false,"template":"","format":"standard","meta":{"_acf_changed":false,"footnotes":""},"categories":[51],"tags":[],"class_list":["post-5782","post","type-post","status-publish","format-standard","has-post-thumbnail","hentry","category-nachrichten"],"acf":[],"aioseo_notices":[],"_links":{"self":[{"href":"https:\/\/www.isrec.ch\/de\/wp-json\/wp\/v2\/posts\/5782","targetHints":{"allow":["GET"]}}],"collection":[{"href":"https:\/\/www.isrec.ch\/de\/wp-json\/wp\/v2\/posts"}],"about":[{"href":"https:\/\/www.isrec.ch\/de\/wp-json\/wp\/v2\/types\/post"}],"author":[{"embeddable":true,"href":"https:\/\/www.isrec.ch\/de\/wp-json\/wp\/v2\/users\/11"}],"replies":[{"embeddable":true,"href":"https:\/\/www.isrec.ch\/de\/wp-json\/wp\/v2\/comments?post=5782"}],"version-history":[{"count":1,"href":"https:\/\/www.isrec.ch\/de\/wp-json\/wp\/v2\/posts\/5782\/revisions"}],"predecessor-version":[{"id":5783,"href":"https:\/\/www.isrec.ch\/de\/wp-json\/wp\/v2\/posts\/5782\/revisions\/5783"}],"wp:featuredmedia":[{"embeddable":true,"href":"https:\/\/www.isrec.ch\/de\/wp-json\/wp\/v2\/media\/5743"}],"wp:attachment":[{"href":"https:\/\/www.isrec.ch\/de\/wp-json\/wp\/v2\/media?parent=5782"}],"wp:term":[{"taxonomy":"category","embeddable":true,"href":"https:\/\/www.isrec.ch\/de\/wp-json\/wp\/v2\/categories?post=5782"},{"taxonomy":"post_tag","embeddable":true,"href":"https:\/\/www.isrec.ch\/de\/wp-json\/wp\/v2\/tags?post=5782"}],"curies":[{"name":"wp","href":"https:\/\/api.w.org\/{rel}","templated":true}]}}