{"id":8493,"date":"2025-09-30T14:17:53","date_gmt":"2025-09-30T12:17:53","guid":{"rendered":"https:\/\/www.isrec.ch\/?p=8493"},"modified":"2025-10-01T13:15:30","modified_gmt":"2025-10-01T11:15:30","slug":"herzliche-gratulation-an-anais-golliet","status":"publish","type":"post","link":"https:\/\/www.isrec.ch\/de\/herzliche-gratulation-an-anais-golliet\/","title":{"rendered":"Herzliche Gratulation an Ana\u00efs Golliet"},"content":{"rendered":"<div class=\"wp-bootstrap-blocks-row row\">\n\t\n\n<div class=\"col-12 col-md-6\">\n\t\t\t\n\n<p>Wir gratulieren Ana\u00efs Golliet ganz herzlich: Sie ist die Gewinnerin des diesj\u00e4hrigen Pierre-Fran\u00e7ois Leyvraz Preises der ISREC Stiftung, welcher der F\u00f6rderung der Interprofessionalit\u00e4t in der Onkologie gewidmet ist.&nbsp;<\/p>\n\n\n\n<p>Ana\u00efs Golliet erh\u00e4lt diese Auszeichnung f\u00fcr ihr Projekt zum Thema \u00abAnalyse der Einf\u00fchrung von Beratungen durch Pflegefachpersonen vor der Unterzeichnung einer Einverst\u00e4ndniserkl\u00e4rung zur Teilnahme an einer klinischen Studie im Bereich der Onkologie\u00bb.<\/p>\n\n\n\n<p>Diese Analyse der Umsetzung wurde von Ana\u00efs Golliet und Nour Al Akkachy durchgef\u00fchrt, beide Studentinnen des Masterstudiengangs Pflegewissenschaften am IUFRS \u2013 Institut universitaire de formation et de recherche en soins der UNIL. Die Arbeit befasst sich mit den grundlegenden Fragen von Aufkl\u00e4rung und Einwilligung im Rahmen klinischer Studien und zeichnet sich durch ihre Umsetzbarkeit, ihre klinische Relevanz und den erwarteten Nutzen f\u00fcr zahlreiche Patientinnen und Patienten aus. Sie ist Teil einer nationalen Initiative zur F\u00f6rderung von autonomen Beratungen durch Pflegefachpersonen.<\/p>\n\n\n\n<p>Dieser Preis wurde 2019 von der ISREC Stiftung ins Leben gerufen, um das Engagement von Professor Pierre-Fran\u00e7ois Leyvraz, dem ehemaligen Generaldirektor des CHUV, in ihrem Stiftungsrat zu w\u00fcrdigen. Ausgezeichnet werden in der Ausbildung durchgef\u00fchrte Projekte, welche die Entwicklung der Interprofessionalit\u00e4t im Bereich der Onkologie f\u00f6rdern.<\/p>\n\n\n\n<p>Herzlichen Gl\u00fcckwunsch an Ana\u00efs Golliet zu dieser wohlverdienten Ehrung!<\/p>\n\n\t<\/div>\n\n\n\n<div class=\"col-12 col-md-6\">\n\t\t\t\n\n<figure class=\"wp-block-image size-full\"><img loading=\"lazy\" decoding=\"async\" width=\"605\" height=\"403\" src=\"https:\/\/www.isrec.ch\/app\/uploads\/2025\/09\/Golliet-Anais-2.jpg\" alt=\"\" class=\"wp-image-8494\" srcset=\"https:\/\/www.isrec.ch\/app\/uploads\/2025\/09\/Golliet-Anais-2.jpg 605w, https:\/\/www.isrec.ch\/app\/uploads\/2025\/09\/Golliet-Anais-2-300x200.jpg 300w, https:\/\/www.isrec.ch\/app\/uploads\/2025\/09\/Golliet-Anais-2-450x300.jpg 450w\" sizes=\"auto, (max-width: 605px) 100vw, 605px\" \/><\/figure>\n\n\t<\/div>\n\n<\/div>\n","protected":false},"excerpt":{"rendered":"","protected":false},"author":11,"featured_media":8486,"comment_status":"open","ping_status":"open","sticky":false,"template":"","format":"standard","meta":{"_acf_changed":false,"footnotes":""},"categories":[51],"tags":[],"class_list":["post-8493","post","type-post","status-publish","format-standard","has-post-thumbnail","hentry","category-nachrichten"],"acf":[],"aioseo_notices":[],"_links":{"self":[{"href":"https:\/\/www.isrec.ch\/de\/wp-json\/wp\/v2\/posts\/8493","targetHints":{"allow":["GET"]}}],"collection":[{"href":"https:\/\/www.isrec.ch\/de\/wp-json\/wp\/v2\/posts"}],"about":[{"href":"https:\/\/www.isrec.ch\/de\/wp-json\/wp\/v2\/types\/post"}],"author":[{"embeddable":true,"href":"https:\/\/www.isrec.ch\/de\/wp-json\/wp\/v2\/users\/11"}],"replies":[{"embeddable":true,"href":"https:\/\/www.isrec.ch\/de\/wp-json\/wp\/v2\/comments?post=8493"}],"version-history":[{"count":2,"href":"https:\/\/www.isrec.ch\/de\/wp-json\/wp\/v2\/posts\/8493\/revisions"}],"predecessor-version":[{"id":8501,"href":"https:\/\/www.isrec.ch\/de\/wp-json\/wp\/v2\/posts\/8493\/revisions\/8501"}],"wp:featuredmedia":[{"embeddable":true,"href":"https:\/\/www.isrec.ch\/de\/wp-json\/wp\/v2\/media\/8486"}],"wp:attachment":[{"href":"https:\/\/www.isrec.ch\/de\/wp-json\/wp\/v2\/media?parent=8493"}],"wp:term":[{"taxonomy":"category","embeddable":true,"href":"https:\/\/www.isrec.ch\/de\/wp-json\/wp\/v2\/categories?post=8493"},{"taxonomy":"post_tag","embeddable":true,"href":"https:\/\/www.isrec.ch\/de\/wp-json\/wp\/v2\/tags?post=8493"}],"curies":[{"name":"wp","href":"https:\/\/api.w.org\/{rel}","templated":true}]}}