{"id":9142,"date":"2026-09-03T08:00:00","date_gmt":"2026-09-03T06:00:00","guid":{"rendered":"https:\/\/www.isrec.ch\/?p=9142"},"modified":"2026-09-01T11:17:39","modified_gmt":"2026-09-01T09:17:39","slug":"beguenstigte-der-tandem-ausschreibung-2026","status":"publish","type":"post","link":"https:\/\/www.isrec.ch\/de\/beguenstigte-der-tandem-ausschreibung-2026\/","title":{"rendered":"Beg\u00fcnstigte der TANDEM Ausschreibung 2026"},"content":{"rendered":"<div class=\"wp-bootstrap-blocks-row row\">\n\t\n\n<div class=\"col-12 col-md-6\">\n\t\t\t\n\n<p class=\"wp-block-paragraph\">Die ISREC Stiftung freut sich, die Beg\u00fcnstigten der TANDEM Ausschreibung 2026 bekannt geben zu d\u00fcrfen.<\/p>\n\n\n\n<p class=\"wp-block-paragraph\">Dieses Jahr erhalten sieben Forschungsgruppen aus Lausanne, Bern, Z\u00fcrich, Basel und Freiburg einen TANDEM-Beitrag.<\/p>\n\n\n\n<p class=\"wp-block-paragraph\">In jedem Team, bestehend aus einem\/-er Kliniker\/-in und einem\/-er Grundlagenforscher\/-in, wird eine klinisch relevante Frage aus zwei verschiedenen Blickwinkeln untersucht: Im Mittelpunkt stehen sowohl das Verst\u00e4ndnis des molekularen Mechanismus wie auch die direkte Verbesserung der Patientenversorgung.<\/p>\n\n\n\n<p class=\"wp-block-paragraph\">Klicken Sie&nbsp;hier, um die Gesichter und Projekte der Forschungsteams auf unserer Webseite zu entdecken.<\/p>\n\n\t<\/div>\n\n\n\n<div class=\"col-12 col-md-6\">\n\t\t\t\n\n<figure class=\"wp-block-image size-full\"><img loading=\"lazy\" decoding=\"async\" width=\"887\" height=\"1774\" src=\"https:\/\/www.isrec.ch\/app\/uploads\/2026\/09\/Laureats_TANDEM_2026_visuel_portrait.png\" alt=\"\" class=\"wp-image-9143\" srcset=\"https:\/\/www.isrec.ch\/app\/uploads\/2026\/09\/Laureats_TANDEM_2026_visuel_portrait.png 887w, https:\/\/www.isrec.ch\/app\/uploads\/2026\/09\/Laureats_TANDEM_2026_visuel_portrait-150x300.png 150w, https:\/\/www.isrec.ch\/app\/uploads\/2026\/09\/Laureats_TANDEM_2026_visuel_portrait-512x1024.png 512w, https:\/\/www.isrec.ch\/app\/uploads\/2026\/09\/Laureats_TANDEM_2026_visuel_portrait-768x1536.png 768w\" sizes=\"auto, (max-width: 887px) 100vw, 887px\" \/><\/figure>\n\n\t<\/div>\n\n<\/div>\n","protected":false},"excerpt":{"rendered":"","protected":false},"author":11,"featured_media":0,"comment_status":"open","ping_status":"open","sticky":false,"template":"","format":"standard","meta":{"_acf_changed":false,"footnotes":""},"categories":[51],"tags":[],"class_list":["post-9142","post","type-post","status-publish","format-standard","hentry","category-nachrichten"],"acf":[],"aioseo_notices":[],"aioseo_head":"\n\t\t<!-- All in One SEO 5.0.1.1 - aioseo.com -->\n\t<meta name=\"description\" content=\"Die ISREC Stiftung freut sich, die Beg\u00fcnstigten der TANDEM Ausschreibung 2026 bekannt geben zu d\u00fcrfen. Dieses Jahr erhalten sieben Forschungsgruppen aus Lausanne, Bern, Z\u00fcrich, Basel und Freiburg einen TANDEM-Beitrag. In jedem Team, bestehend aus einem\/-er Kliniker\/-in und einem\/-er Grundlagenforscher\/-in, wird eine klinisch relevante Frage aus zwei verschiedenen Blickwinkeln untersucht: Im Mittelpunkt stehen sowohl das Verst\u00e4ndnis\" \/>\n\t<meta name=\"robots\" content=\"max-image-preview:large\" \/>\n\t<meta name=\"author\" content=\"Cl\u00e9o Tarashev\"\/>\n\t<link rel=\"canonical\" href=\"https:\/\/www.isrec.ch\/de\/beguenstigte-der-tandem-ausschreibung-2026\/\" \/>\n\t<meta name=\"generator\" content=\"All in One SEO (AIOSEO) 5.0.1.1\" \/>\n\t\t<meta property=\"og:locale\" content=\"de_DE\" \/>\n\t\t<meta property=\"og:site_name\" content=\"Fondation ISREC -\" \/>\n\t\t<meta property=\"og:type\" content=\"article\" \/>\n\t\t<meta property=\"og:title\" content=\"Fondation ISREC - Beg\u00fcnstigte der TANDEM Ausschreibung 2026\" \/>\n\t\t<meta property=\"og:description\" content=\"Die ISREC Stiftung freut sich, die Beg\u00fcnstigten der TANDEM Ausschreibung 2026 bekannt geben zu d\u00fcrfen. Dieses Jahr erhalten sieben Forschungsgruppen aus Lausanne, Bern, Z\u00fcrich, Basel und Freiburg einen TANDEM-Beitrag. In jedem Team, bestehend aus einem\/-er Kliniker\/-in und einem\/-er Grundlagenforscher\/-in, wird eine klinisch relevante Frage aus zwei verschiedenen Blickwinkeln untersucht: Im Mittelpunkt stehen sowohl das Verst\u00e4ndnis\" \/>\n\t\t<meta property=\"og:url\" content=\"https:\/\/www.isrec.ch\/de\/beguenstigte-der-tandem-ausschreibung-2026\/\" \/>\n\t\t<meta property=\"og:image\" content=\"https:\/\/www.isrec.ch\/app\/uploads\/2023\/11\/ISREC_logo_rvb.jpg\" \/>\n\t\t<meta property=\"og:image:secure_url\" content=\"https:\/\/www.isrec.ch\/app\/uploads\/2023\/11\/ISREC_logo_rvb.jpg\" \/>\n\t\t<meta property=\"og:image:width\" content=\"2362\" \/>\n\t\t<meta property=\"og:image:height\" content=\"1181\" \/>\n\t\t<meta property=\"article:published_time\" content=\"2026-09-03T06:00:00+00:00\" \/>\n\t\t<meta property=\"article:modified_time\" content=\"2026-09-01T09:17:39+00:00\" \/>\n\t\t<meta property=\"article:publisher\" content=\"https:\/\/www.facebook.com\/FondationISREC?locale=fr_FR\" \/>\n\t\t<meta name=\"twitter:card\" content=\"summary\" \/>\n\t\t<meta name=\"twitter:site\" content=\"@FondationIsrec\" \/>\n\t\t<meta name=\"twitter:title\" content=\"Fondation ISREC - Beg\u00fcnstigte der TANDEM Ausschreibung 2026\" \/>\n\t\t<meta name=\"twitter:description\" content=\"Die ISREC Stiftung freut sich, die Beg\u00fcnstigten der TANDEM Ausschreibung 2026 bekannt geben zu d\u00fcrfen. Dieses Jahr erhalten sieben Forschungsgruppen aus Lausanne, Bern, Z\u00fcrich, Basel und Freiburg einen TANDEM-Beitrag. In jedem Team, bestehend aus einem\/-er Kliniker\/-in und einem\/-er Grundlagenforscher\/-in, wird eine klinisch relevante Frage aus zwei verschiedenen Blickwinkeln untersucht: Im Mittelpunkt stehen sowohl das Verst\u00e4ndnis\" \/>\n\t\t<meta name=\"twitter:creator\" content=\"@FondationIsrec\" \/>\n\t\t<meta name=\"twitter:image\" content=\"https:\/\/www.isrec.ch\/app\/uploads\/2023\/11\/ISREC_logo_rvb.jpg\" \/>\n\t\t<script type=\"application\/ld+json\" class=\"aioseo-schema\">\n\t\t\t{\"@context\":\"https:\\\/\\\/schema.org\",\"@graph\":[{\"@type\":\"BlogPosting\",\"@id\":\"https:\\\/\\\/www.isrec.ch\\\/de\\\/beguenstigte-der-tandem-ausschreibung-2026\\\/#blogposting\",\"name\":\"Fondation ISREC - Beg\\u00fcnstigte der TANDEM Ausschreibung 2026\",\"headline\":\"Beg\\u00fcnstigte der TANDEM Ausschreibung 2026\",\"author\":{\"@id\":\"https:\\\/\\\/www.isrec.ch\\\/de\\\/author\\\/cta\\\/#author\"},\"publisher\":{\"@id\":\"https:\\\/\\\/www.isrec.ch\\\/de\\\/#organization\"},\"image\":{\"@type\":\"ImageObject\",\"url\":\"https:\\\/\\\/www.isrec.ch\\\/app\\\/uploads\\\/2026\\\/09\\\/Laureats_TANDEM_2026_visuel_portrait.png\",\"@id\":\"https:\\\/\\\/www.isrec.ch\\\/de\\\/beguenstigte-der-tandem-ausschreibung-2026\\\/#articleImage\",\"width\":887,\"height\":1774},\"datePublished\":\"2026-09-03T08:00:00+02:00\",\"dateModified\":\"2026-09-01T11:17:39+02:00\",\"inLanguage\":\"de-DE\",\"mainEntityOfPage\":{\"@id\":\"https:\\\/\\\/www.isrec.ch\\\/de\\\/beguenstigte-der-tandem-ausschreibung-2026\\\/#webpage\"},\"isPartOf\":{\"@id\":\"https:\\\/\\\/www.isrec.ch\\\/de\\\/beguenstigte-der-tandem-ausschreibung-2026\\\/#webpage\"},\"articleSection\":\"Nachrichten, Optional, Optional\"},{\"@type\":\"BreadcrumbList\",\"@id\":\"https:\\\/\\\/www.isrec.ch\\\/de\\\/beguenstigte-der-tandem-ausschreibung-2026\\\/#breadcrumblist\",\"itemListElement\":[{\"@type\":\"ListItem\",\"@id\":\"https:\\\/\\\/www.isrec.ch\\\/de\\\/#listItem\",\"position\":1,\"name\":\"Home\",\"item\":\"https:\\\/\\\/www.isrec.ch\\\/de\\\/\",\"nextItem\":{\"@type\":\"ListItem\",\"@id\":\"https:\\\/\\\/www.isrec.ch\\\/de\\\/category\\\/nachrichten\\\/#listItem\",\"name\":\"Nachrichten\"}},{\"@type\":\"ListItem\",\"@id\":\"https:\\\/\\\/www.isrec.ch\\\/de\\\/category\\\/nachrichten\\\/#listItem\",\"position\":2,\"name\":\"Nachrichten\",\"item\":\"https:\\\/\\\/www.isrec.ch\\\/de\\\/category\\\/nachrichten\\\/\",\"nextItem\":{\"@type\":\"ListItem\",\"@id\":\"https:\\\/\\\/www.isrec.ch\\\/de\\\/beguenstigte-der-tandem-ausschreibung-2026\\\/#listItem\",\"name\":\"Beg\\u00fcnstigte der TANDEM Ausschreibung 2026\"},\"previousItem\":{\"@type\":\"ListItem\",\"@id\":\"https:\\\/\\\/www.isrec.ch\\\/de\\\/#listItem\",\"name\":\"Home\"}},{\"@type\":\"ListItem\",\"@id\":\"https:\\\/\\\/www.isrec.ch\\\/de\\\/beguenstigte-der-tandem-ausschreibung-2026\\\/#listItem\",\"position\":3,\"name\":\"Beg\\u00fcnstigte der TANDEM Ausschreibung 2026\",\"previousItem\":{\"@type\":\"ListItem\",\"@id\":\"https:\\\/\\\/www.isrec.ch\\\/de\\\/category\\\/nachrichten\\\/#listItem\",\"name\":\"Nachrichten\"}}]},{\"@type\":\"Organization\",\"@id\":\"https:\\\/\\\/www.isrec.ch\\\/de\\\/#organization\",\"name\":\"Fondation ISREC\",\"url\":\"https:\\\/\\\/www.isrec.ch\\\/de\\\/\",\"sameAs\":[\"https:\\\/\\\/twitter.com\\\/FondationIsrec\",\"https:\\\/\\\/www.instagram.com\\\/fondation_isrec_lausanne\\\/\",\"https:\\\/\\\/www.youtube.com\\\/@fondationisrec8946\",\"https:\\\/\\\/www.linkedin.com\\\/company\\\/fondation-isrec\\\/\"]},{\"@type\":\"Person\",\"@id\":\"https:\\\/\\\/www.isrec.ch\\\/de\\\/author\\\/cta\\\/#author\",\"url\":\"https:\\\/\\\/www.isrec.ch\\\/de\\\/author\\\/cta\\\/\",\"name\":\"Cl\\u00e9o Tarashev\",\"image\":{\"@type\":\"ImageObject\",\"@id\":\"https:\\\/\\\/www.isrec.ch\\\/de\\\/beguenstigte-der-tandem-ausschreibung-2026\\\/#authorImage\",\"url\":\"https:\\\/\\\/secure.gravatar.com\\\/avatar\\\/8b5402439d2c35b95179cb13760c24ba3a4e850398ec594d7883291140f87b63?s=96&d=mm&r=g\",\"width\":96,\"height\":96,\"caption\":\"Cl\\u00e9o Tarashev\"}},{\"@type\":\"WebPage\",\"@id\":\"https:\\\/\\\/www.isrec.ch\\\/de\\\/beguenstigte-der-tandem-ausschreibung-2026\\\/#webpage\",\"url\":\"https:\\\/\\\/www.isrec.ch\\\/de\\\/beguenstigte-der-tandem-ausschreibung-2026\\\/\",\"name\":\"Fondation ISREC - Beg\\u00fcnstigte der TANDEM Ausschreibung 2026\",\"description\":\"Die ISREC Stiftung freut sich, die Beg\\u00fcnstigten der TANDEM Ausschreibung 2026 bekannt geben zu d\\u00fcrfen. Dieses Jahr erhalten sieben Forschungsgruppen aus Lausanne, Bern, Z\\u00fcrich, Basel und Freiburg einen TANDEM-Beitrag. In jedem Team, bestehend aus einem\\\/-er Kliniker\\\/-in und einem\\\/-er Grundlagenforscher\\\/-in, wird eine klinisch relevante Frage aus zwei verschiedenen Blickwinkeln untersucht: Im Mittelpunkt stehen sowohl das Verst\\u00e4ndnis\",\"inLanguage\":\"de-DE\",\"isPartOf\":{\"@id\":\"https:\\\/\\\/www.isrec.ch\\\/de\\\/#website\"},\"breadcrumb\":{\"@id\":\"https:\\\/\\\/www.isrec.ch\\\/de\\\/beguenstigte-der-tandem-ausschreibung-2026\\\/#breadcrumblist\"},\"author\":{\"@id\":\"https:\\\/\\\/www.isrec.ch\\\/de\\\/author\\\/cta\\\/#author\"},\"creator\":{\"@id\":\"https:\\\/\\\/www.isrec.ch\\\/de\\\/author\\\/cta\\\/#author\"},\"datePublished\":\"2026-09-03T08:00:00+02:00\",\"dateModified\":\"2026-09-01T11:17:39+02:00\"},{\"@type\":\"WebSite\",\"@id\":\"https:\\\/\\\/www.isrec.ch\\\/de\\\/#website\",\"url\":\"https:\\\/\\\/www.isrec.ch\\\/de\\\/\",\"name\":\"Fondation ISREC\",\"inLanguage\":\"de-DE\",\"publisher\":{\"@id\":\"https:\\\/\\\/www.isrec.ch\\\/de\\\/#organization\"}}]}\n\t\t<\/script>\n\t\t<!-- All in One SEO -->\n\n","aioseo_head_json":{"title":"Fondation ISREC - Beg\u00fcnstigte der TANDEM Ausschreibung 2026","description":"Die ISREC Stiftung freut sich, die Beg\u00fcnstigten der TANDEM Ausschreibung 2026 bekannt geben zu d\u00fcrfen. Dieses Jahr erhalten sieben Forschungsgruppen aus Lausanne, Bern, Z\u00fcrich, Basel und Freiburg einen TANDEM-Beitrag. In jedem Team, bestehend aus einem\/-er Kliniker\/-in und einem\/-er Grundlagenforscher\/-in, wird eine klinisch relevante Frage aus zwei verschiedenen Blickwinkeln untersucht: Im Mittelpunkt stehen sowohl das Verst\u00e4ndnis","canonical_url":"https:\/\/www.isrec.ch\/de\/beguenstigte-der-tandem-ausschreibung-2026\/","robots":"max-image-preview:large","keywords":"","webmasterTools":{"miscellaneous":""},"schema":{"@context":"https:\/\/schema.org","@graph":[{"@type":"BlogPosting","@id":"https:\/\/www.isrec.ch\/de\/beguenstigte-der-tandem-ausschreibung-2026\/#blogposting","name":"Fondation ISREC - Beg\u00fcnstigte der TANDEM Ausschreibung 2026","headline":"Beg\u00fcnstigte der TANDEM Ausschreibung 2026","author":{"@id":"https:\/\/www.isrec.ch\/de\/author\/cta\/#author"},"publisher":{"@id":"https:\/\/www.isrec.ch\/de\/#organization"},"image":{"@type":"ImageObject","url":"https:\/\/www.isrec.ch\/app\/uploads\/2026\/09\/Laureats_TANDEM_2026_visuel_portrait.png","@id":"https:\/\/www.isrec.ch\/de\/beguenstigte-der-tandem-ausschreibung-2026\/#articleImage","width":887,"height":1774},"datePublished":"2026-09-03T08:00:00+02:00","dateModified":"2026-09-01T11:17:39+02:00","inLanguage":"de-DE","mainEntityOfPage":{"@id":"https:\/\/www.isrec.ch\/de\/beguenstigte-der-tandem-ausschreibung-2026\/#webpage"},"isPartOf":{"@id":"https:\/\/www.isrec.ch\/de\/beguenstigte-der-tandem-ausschreibung-2026\/#webpage"},"articleSection":"Nachrichten, Optional, Optional"},{"@type":"BreadcrumbList","@id":"https:\/\/www.isrec.ch\/de\/beguenstigte-der-tandem-ausschreibung-2026\/#breadcrumblist","itemListElement":[{"@type":"ListItem","@id":"https:\/\/www.isrec.ch\/de\/#listItem","position":1,"name":"Home","item":"https:\/\/www.isrec.ch\/de\/","nextItem":{"@type":"ListItem","@id":"https:\/\/www.isrec.ch\/de\/category\/nachrichten\/#listItem","name":"Nachrichten"}},{"@type":"ListItem","@id":"https:\/\/www.isrec.ch\/de\/category\/nachrichten\/#listItem","position":2,"name":"Nachrichten","item":"https:\/\/www.isrec.ch\/de\/category\/nachrichten\/","nextItem":{"@type":"ListItem","@id":"https:\/\/www.isrec.ch\/de\/beguenstigte-der-tandem-ausschreibung-2026\/#listItem","name":"Beg\u00fcnstigte der TANDEM Ausschreibung 2026"},"previousItem":{"@type":"ListItem","@id":"https:\/\/www.isrec.ch\/de\/#listItem","name":"Home"}},{"@type":"ListItem","@id":"https:\/\/www.isrec.ch\/de\/beguenstigte-der-tandem-ausschreibung-2026\/#listItem","position":3,"name":"Beg\u00fcnstigte der TANDEM Ausschreibung 2026","previousItem":{"@type":"ListItem","@id":"https:\/\/www.isrec.ch\/de\/category\/nachrichten\/#listItem","name":"Nachrichten"}}]},{"@type":"Organization","@id":"https:\/\/www.isrec.ch\/de\/#organization","name":"Fondation ISREC","url":"https:\/\/www.isrec.ch\/de\/","sameAs":["https:\/\/twitter.com\/FondationIsrec","https:\/\/www.instagram.com\/fondation_isrec_lausanne\/","https:\/\/www.youtube.com\/@fondationisrec8946","https:\/\/www.linkedin.com\/company\/fondation-isrec\/"]},{"@type":"Person","@id":"https:\/\/www.isrec.ch\/de\/author\/cta\/#author","url":"https:\/\/www.isrec.ch\/de\/author\/cta\/","name":"Cl\u00e9o Tarashev","image":{"@type":"ImageObject","@id":"https:\/\/www.isrec.ch\/de\/beguenstigte-der-tandem-ausschreibung-2026\/#authorImage","url":"https:\/\/secure.gravatar.com\/avatar\/8b5402439d2c35b95179cb13760c24ba3a4e850398ec594d7883291140f87b63?s=96&d=mm&r=g","width":96,"height":96,"caption":"Cl\u00e9o Tarashev"}},{"@type":"WebPage","@id":"https:\/\/www.isrec.ch\/de\/beguenstigte-der-tandem-ausschreibung-2026\/#webpage","url":"https:\/\/www.isrec.ch\/de\/beguenstigte-der-tandem-ausschreibung-2026\/","name":"Fondation ISREC - Beg\u00fcnstigte der TANDEM Ausschreibung 2026","description":"Die ISREC Stiftung freut sich, die Beg\u00fcnstigten der TANDEM Ausschreibung 2026 bekannt geben zu d\u00fcrfen. Dieses Jahr erhalten sieben Forschungsgruppen aus Lausanne, Bern, Z\u00fcrich, Basel und Freiburg einen TANDEM-Beitrag. In jedem Team, bestehend aus einem\/-er Kliniker\/-in und einem\/-er Grundlagenforscher\/-in, wird eine klinisch relevante Frage aus zwei verschiedenen Blickwinkeln untersucht: Im Mittelpunkt stehen sowohl das Verst\u00e4ndnis","inLanguage":"de-DE","isPartOf":{"@id":"https:\/\/www.isrec.ch\/de\/#website"},"breadcrumb":{"@id":"https:\/\/www.isrec.ch\/de\/beguenstigte-der-tandem-ausschreibung-2026\/#breadcrumblist"},"author":{"@id":"https:\/\/www.isrec.ch\/de\/author\/cta\/#author"},"creator":{"@id":"https:\/\/www.isrec.ch\/de\/author\/cta\/#author"},"datePublished":"2026-09-03T08:00:00+02:00","dateModified":"2026-09-01T11:17:39+02:00"},{"@type":"WebSite","@id":"https:\/\/www.isrec.ch\/de\/#website","url":"https:\/\/www.isrec.ch\/de\/","name":"Fondation ISREC","inLanguage":"de-DE","publisher":{"@id":"https:\/\/www.isrec.ch\/de\/#organization"}}]},"og:locale":"de_DE","og:site_name":"Fondation ISREC -","og:type":"article","og:title":"Fondation ISREC - Beg\u00fcnstigte der TANDEM Ausschreibung 2026","og:description":"Die ISREC Stiftung freut sich, die Beg\u00fcnstigten der TANDEM Ausschreibung 2026 bekannt geben zu d\u00fcrfen. Dieses Jahr erhalten sieben Forschungsgruppen aus Lausanne, Bern, Z\u00fcrich, Basel und Freiburg einen TANDEM-Beitrag. In jedem Team, bestehend aus einem\/-er Kliniker\/-in und einem\/-er Grundlagenforscher\/-in, wird eine klinisch relevante Frage aus zwei verschiedenen Blickwinkeln untersucht: Im Mittelpunkt stehen sowohl das Verst\u00e4ndnis","og:url":"https:\/\/www.isrec.ch\/de\/beguenstigte-der-tandem-ausschreibung-2026\/","og:image":"https:\/\/www.isrec.ch\/app\/uploads\/2023\/11\/ISREC_logo_rvb.jpg","og:image:secure_url":"https:\/\/www.isrec.ch\/app\/uploads\/2023\/11\/ISREC_logo_rvb.jpg","og:image:width":2362,"og:image:height":1181,"article:published_time":"2026-09-03T06:00:00+00:00","article:modified_time":"2026-09-01T09:17:39+00:00","article:publisher":"https:\/\/www.facebook.com\/FondationISREC?locale=fr_FR","twitter:card":"summary","twitter:site":"@FondationIsrec","twitter:title":"Fondation ISREC - Beg\u00fcnstigte der TANDEM Ausschreibung 2026","twitter:description":"Die ISREC Stiftung freut sich, die Beg\u00fcnstigten der TANDEM Ausschreibung 2026 bekannt geben zu d\u00fcrfen. Dieses Jahr erhalten sieben Forschungsgruppen aus Lausanne, Bern, Z\u00fcrich, Basel und Freiburg einen TANDEM-Beitrag. In jedem Team, bestehend aus einem\/-er Kliniker\/-in und einem\/-er Grundlagenforscher\/-in, wird eine klinisch relevante Frage aus zwei verschiedenen Blickwinkeln untersucht: Im Mittelpunkt stehen sowohl das Verst\u00e4ndnis","twitter:creator":"@FondationIsrec","twitter:image":"https:\/\/www.isrec.ch\/app\/uploads\/2023\/11\/ISREC_logo_rvb.jpg"},"aioseo_meta_data":{"post_id":"9142","title":null,"description":null,"keywords":null,"keyphrases":{"focus":{"keyphrase":"","score":0,"analysis":{"keyphraseInTitle":{"score":0,"maxScore":9,"error":1}}},"additional":[]},"primary_term":null,"canonical_url":null,"og_title":null,"og_description":null,"og_object_type":"default","og_image_type":"default","og_image_url":null,"og_image_width":null,"og_image_height":null,"og_image_custom_url":null,"og_image_custom_fields":null,"og_video":"","og_custom_url":null,"og_article_section":null,"og_article_tags":null,"twitter_use_og":false,"twitter_card":"default","twitter_image_type":"default","twitter_image_url":null,"twitter_image_custom_url":null,"twitter_image_custom_fields":null,"twitter_title":null,"twitter_description":null,"schema":{"blockGraphs":[],"customGraphs":[],"default":{"data":{"Article":[],"Course":[],"Dataset":[],"FAQPage":[],"Movie":[],"Person":[],"Product":[],"ProductReview":[],"Car":[],"Recipe":[],"Service":[],"SoftwareApplication":[],"WebPage":[]},"graphName":"BlogPosting","isEnabled":true},"graphs":[]},"schema_type":"default","schema_type_options":null,"pillar_content":false,"robots_default":true,"robots_noindex":false,"robots_noarchive":false,"robots_nosnippet":false,"robots_nofollow":false,"robots_noimageindex":false,"robots_noodp":false,"robots_notranslate":false,"robots_max_snippet":"-1","robots_max_videopreview":"-1","robots_max_imagepreview":"large","priority":null,"frequency":"default","local_seo":null,"breadcrumb_settings":null,"limit_modified_date":false,"ai":{"faqs":[],"keyPoints":[],"schemas":[],"titles":[],"descriptions":[],"socialPosts":{"email":{"subject":"","preview":"","content":""},"linkedin":[],"twitter":[],"facebook":[],"instagram":[]}},"created":"2026-09-01 09:15:44","updated":"2026-09-03 06:00:31","seo_analyzer_scan_date":null,"focus_keyword":null,"additional_keywords":null,"truseo_locale":null},"aioseo_breadcrumb":"<div class=\"aioseo-breadcrumbs\"><span class=\"aioseo-breadcrumb\">\n\t\t\t<a href=\"https:\/\/www.isrec.ch\/de\/\" title=\"Home\">Home<\/a>\n\t\t<\/span><span class=\"aioseo-breadcrumb-separator\">&raquo;<\/span><span class=\"aioseo-breadcrumb\">\n\t\t\t<a href=\"https:\/\/www.isrec.ch\/de\/category\/nachrichten\/\" title=\"Nachrichten\">Nachrichten<\/a>\n\t\t<\/span><span class=\"aioseo-breadcrumb-separator\">&raquo;<\/span><span class=\"aioseo-breadcrumb\">\n\t\t\tBeg\u00fcnstigte der TANDEM Ausschreibung 2026\n\t\t<\/span><\/div>","aioseo_breadcrumb_json":[{"label":"Home","link":"https:\/\/www.isrec.ch\/de\/"},{"label":"Nachrichten","link":"https:\/\/www.isrec.ch\/de\/category\/nachrichten\/"},{"label":"Beg\u00fcnstigte der TANDEM Ausschreibung 2026","link":"https:\/\/www.isrec.ch\/de\/beguenstigte-der-tandem-ausschreibung-2026\/"}],"_links":{"self":[{"href":"https:\/\/www.isrec.ch\/de\/wp-json\/wp\/v2\/posts\/9142","targetHints":{"allow":["GET"]}}],"collection":[{"href":"https:\/\/www.isrec.ch\/de\/wp-json\/wp\/v2\/posts"}],"about":[{"href":"https:\/\/www.isrec.ch\/de\/wp-json\/wp\/v2\/types\/post"}],"author":[{"embeddable":true,"href":"https:\/\/www.isrec.ch\/de\/wp-json\/wp\/v2\/users\/11"}],"replies":[{"embeddable":true,"href":"https:\/\/www.isrec.ch\/de\/wp-json\/wp\/v2\/comments?post=9142"}],"version-history":[{"count":1,"href":"https:\/\/www.isrec.ch\/de\/wp-json\/wp\/v2\/posts\/9142\/revisions"}],"predecessor-version":[{"id":9146,"href":"https:\/\/www.isrec.ch\/de\/wp-json\/wp\/v2\/posts\/9142\/revisions\/9146"}],"wp:attachment":[{"href":"https:\/\/www.isrec.ch\/de\/wp-json\/wp\/v2\/media?parent=9142"}],"wp:term":[{"taxonomy":"category","embeddable":true,"href":"https:\/\/www.isrec.ch\/de\/wp-json\/wp\/v2\/categories?post=9142"},{"taxonomy":"post_tag","embeddable":true,"href":"https:\/\/www.isrec.ch\/de\/wp-json\/wp\/v2\/tags?post=9142"}],"curies":[{"name":"wp","href":"https:\/\/api.w.org\/{rel}","templated":true}]}}