{"id":5766,"date":"2023-09-25T10:27:08","date_gmt":"2023-09-25T08:27:08","guid":{"rendered":"https:\/\/www.isrec.ch\/?p=5766"},"modified":"2024-03-28T13:55:58","modified_gmt":"2024-03-28T12:55:58","slug":"a-new-study-from-dr-gregory-verdeils-laboratory","status":"publish","type":"post","link":"https:\/\/www.isrec.ch\/en\/a-new-study-from-dr-gregory-verdeils-laboratory\/","title":{"rendered":"A new study from Dr. Gr\u00e9gory Verdeil\u2019s laboratory"},"content":{"rendered":"\n<p>F\u00e9licitations au laboratoire du Dr Gr\u00e9gory Verdeil pour la publication dans la prestigieuse revue Nature Immunology de son \u00e9tude sur le facteur de transcription NFAT5 qui r\u00e9gule l\u2019\u00e9puisement des lymphocytes T dans le contexte du cancer mais pas lors d\u2019une infection virale chronique.<\/p>\n\n\n\n<p><a>Lien vers la publication (en anglais): <\/a><a href=\"https:\/\/www.nature.com\/articles\/s41590-023-01614-x\">Activation of the transcription factor NFAT5 in the tumor microenvironment enforces CD8+ T cell exhaustion | Nature Immunology<\/a><\/p>\n\n\n\n<figure class=\"wp-block-image size-full\"><img loading=\"lazy\" decoding=\"async\" width=\"795\" height=\"594\" src=\"https:\/\/www.isrec.ch\/app\/uploads\/2024\/03\/Verdeil_NatureImmunology-e1711630524981.jpg\" alt=\"\" class=\"wp-image-6166\" srcset=\"https:\/\/www.isrec.ch\/app\/uploads\/2024\/03\/Verdeil_NatureImmunology-e1711630524981.jpg 795w, https:\/\/www.isrec.ch\/app\/uploads\/2024\/03\/Verdeil_NatureImmunology-e1711630524981-300x224.jpg 300w, https:\/\/www.isrec.ch\/app\/uploads\/2024\/03\/Verdeil_NatureImmunology-e1711630524981-768x574.jpg 768w, https:\/\/www.isrec.ch\/app\/uploads\/2024\/03\/Verdeil_NatureImmunology-e1711630524981-402x300.jpg 402w\" sizes=\"auto, (max-width: 795px) 100vw, 795px\" \/><\/figure>\n","protected":false},"excerpt":{"rendered":"<p>F\u00e9licitations au laboratoire du Dr Gr\u00e9gory Verdeil pour la publication dans la prestigieuse revue Nature Immunology de son \u00e9tude sur le facteur de transcription NFAT5 qui r\u00e9gule l\u2019\u00e9puisement des lymphocytes T dans le contexte du cancer mais pas lors d\u2019une infection virale chronique. Lien vers la publication (en anglais): Activation of the transcription factor NFAT5 [&hellip;]<\/p>\n","protected":false},"author":11,"featured_media":5750,"comment_status":"open","ping_status":"open","sticky":false,"template":"","format":"standard","meta":{"_acf_changed":false,"footnotes":""},"categories":[50],"tags":[],"class_list":["post-5766","post","type-post","status-publish","format-standard","has-post-thumbnail","hentry","category-news"],"acf":[],"aioseo_notices":[],"_links":{"self":[{"href":"https:\/\/www.isrec.ch\/en\/wp-json\/wp\/v2\/posts\/5766","targetHints":{"allow":["GET"]}}],"collection":[{"href":"https:\/\/www.isrec.ch\/en\/wp-json\/wp\/v2\/posts"}],"about":[{"href":"https:\/\/www.isrec.ch\/en\/wp-json\/wp\/v2\/types\/post"}],"author":[{"embeddable":true,"href":"https:\/\/www.isrec.ch\/en\/wp-json\/wp\/v2\/users\/11"}],"replies":[{"embeddable":true,"href":"https:\/\/www.isrec.ch\/en\/wp-json\/wp\/v2\/comments?post=5766"}],"version-history":[{"count":4,"href":"https:\/\/www.isrec.ch\/en\/wp-json\/wp\/v2\/posts\/5766\/revisions"}],"predecessor-version":[{"id":6171,"href":"https:\/\/www.isrec.ch\/en\/wp-json\/wp\/v2\/posts\/5766\/revisions\/6171"}],"wp:featuredmedia":[{"embeddable":true,"href":"https:\/\/www.isrec.ch\/en\/wp-json\/wp\/v2\/media\/5750"}],"wp:attachment":[{"href":"https:\/\/www.isrec.ch\/en\/wp-json\/wp\/v2\/media?parent=5766"}],"wp:term":[{"taxonomy":"category","embeddable":true,"href":"https:\/\/www.isrec.ch\/en\/wp-json\/wp\/v2\/categories?post=5766"},{"taxonomy":"post_tag","embeddable":true,"href":"https:\/\/www.isrec.ch\/en\/wp-json\/wp\/v2\/tags?post=5766"}],"curies":[{"name":"wp","href":"https:\/\/api.w.org\/{rel}","templated":true}]}}